[{"@context":"https:\/\/schema.org\/","@type":"Article","@id":"https:\/\/www.blahomat.cz\/nebojte-se-vyjet\/#Article","mainEntityOfPage":"https:\/\/www.blahomat.cz\/nebojte-se-vyjet\/","headline":"Nebojte se vyjet","name":"Nebojte se vyjet","description":"Pakli\u017ee zav\u00edt\u00e1te do na\u0161\u00ed dob\u0159e dostupn\u00e9 auto\u0161koly Praha, p\u0159iv\u00edt\u00e1me V\u00e1s v kvalitn\u00ed, levn\u00e9 a rychl\u00e9 auto\u0161kole. Nab\u00edz\u00edme \u0161kolen\u00ed profesion\u00e1ln\u00edch \u0159idi\u010d\u016f, ale samoz\u0159ejm\u011b tak\u00e9 z\u00edsk\u00e1n\u00ed \u0159idi\u010dsk\u00e9ho opr\u00e1vn\u011bn\u00ed r\u016fzn\u00fdch skupin. Nen\u00ed tedy na co \u010dekat a nen\u00ed nutn\u00e9 hledat dal\u0161\u00ed d\u016fvod, pro\u010d u\u010den\u00ed se \u0159\u00edzen\u00ed odkl\u00e1dat &#8211; auto\u0161kola Praha je tu pro V\u00e1s. Nebojte se ud\u011blat prvn\u00ed [&hellip;]","datePublished":"2025-03-11","dateModified":"2025-03-11","author":{"@type":"Person","@id":"https:\/\/www.blahomat.cz\/author\/#Person","name":"","url":"https:\/\/www.blahomat.cz\/author\/","identifier":1,"image":{"@type":"ImageObject","@id":"https:\/\/secure.gravatar.com\/avatar\/91b1fc57487c55a66a7777af0dd690bf69c571b4a9b15cda0db8854a78b7888c?s=96&d=mm&r=g","url":"https:\/\/secure.gravatar.com\/avatar\/91b1fc57487c55a66a7777af0dd690bf69c571b4a9b15cda0db8854a78b7888c?s=96&d=mm&r=g","height":96,"width":96}},"publisher":{"@type":"Organization","name":"blahomat.cz","logo":{"@type":"ImageObject","@id":"\/logo.png","url":"\/logo.png","width":600,"height":60}},"url":"https:\/\/www.blahomat.cz\/nebojte-se-vyjet\/","wordCount":178,"articleBody":"Pakli\u017ee zav\u00edt\u00e1te do na\u0161\u00ed dob\u0159e dostupn\u00e9 auto\u0161koly Praha, p\u0159iv\u00edt\u00e1me V\u00e1s v kvalitn\u00ed, levn\u00e9 a rychl\u00e9 auto\u0161kole. Nab\u00edz\u00edme \u0161kolen\u00ed profesion\u00e1ln\u00edch \u0159idi\u010d\u016f, ale samoz\u0159ejm\u011b tak\u00e9 z\u00edsk\u00e1n\u00ed \u0159idi\u010dsk\u00e9ho opr\u00e1vn\u011bn\u00ed r\u016fzn\u00fdch skupin. Nen\u00ed tedy na co \u010dekat a nen\u00ed nutn\u00e9 hledat dal\u0161\u00ed d\u016fvod, pro\u010d u\u010den\u00ed se \u0159\u00edzen\u00ed odkl\u00e1dat &#8211; auto\u0161kola Praha je tu pro V\u00e1s. Nebojte se ud\u011blat prvn\u00ed krok a vyjet do ulic. Trena\u017e\u00e9r pro jistotu Samoz\u0159ejm\u011b V\u00e1s nebudeme hn\u00e1t p\u0159i prvn\u00ed n\u00e1v\u0161t\u011bv\u011b na\u0161ich prostor do ru\u0161n\u00fdch ulic velkom\u011bsta. Pro takov\u00e9 p\u0159\u00edpady m\u00e1me toti\u017e vybavenou u\u010debnu \u0161pi\u010dkov\u00fdm trena\u017e\u00e9rem. Ten slou\u017e\u00ed pro v\u00fdcvik skupin A i B a pat\u0159\u00ed mezi nejmodern\u011bj\u0161\u00ed trena\u017e\u00e9ry, kter\u00e9 jsou dostupn\u00e9 v Evropsk\u00e9 unii. A pr\u00e1v\u011b na n\u011bm se m\u016f\u017eete u\u010dit sv\u00e9 prvn\u00ed \u0159idi\u010dsk\u00e9 kr\u016f\u010dky. P\u0159ij\u010fte se p\u0159esv\u011bd\u010dit.                                                                                                                                                                                                                                                                                                                                                                                                "},{"@context":"https:\/\/schema.org\/","@type":"BreadcrumbList","itemListElement":[{"@type":"ListItem","position":1,"name":"Nebojte se vyjet","item":"https:\/\/www.blahomat.cz\/nebojte-se-vyjet\/#breadcrumbitem"}]}]